{"id":311,"date":"2020-02-26T22:34:43","date_gmt":"2020-02-26T22:34:43","guid":{"rendered":"https:\/\/radiobarrancas.cl\/?p=311"},"modified":"2020-02-26T22:38:03","modified_gmt":"2020-02-26T22:38:03","slug":"el-vison-lidera-la-lista-de-especies-invasivas-en-la-reserva-de-la-biosfera-cabo-de-hornos","status":"publish","type":"post","link":"https:\/\/radiobarrancas.cl\/index.php\/2020\/02\/26\/el-vison-lidera-la-lista-de-especies-invasivas-en-la-reserva-de-la-biosfera-cabo-de-hornos\/","title":{"rendered":"El vis\u00f3n lidera la lista de especies invasivas en la Reserva de la Biosfera Cabo de Hornos"},"content":{"rendered":"<h6>Este peque\u00f1o animal, originario de Norteam\u00e9rica, ha cambiado sus patrones de sue\u00f1o, afectando al desarrollo de la diversidad en la zona. As\u00ed como este mam\u00edfero, otros insectos y animales atentan contra el desarrollo de especies nativas.<\/h6>\n<p>Un nuevo an\u00e1lisis del impacto de especies invasoras en zonas protegidas de Chile ha revelado la gran amenaza que significan estos animales para conservaci\u00f3n de la flora y fauna de nuestro pa\u00eds. Entre las especies que m\u00e1s problema causan, se encuentra el vis\u00f3n (Neovison vison) y la chaqueta amarilla. El estudio, realizado por la Universidad de Magallanes y la University of North Texas y que fue publicado recientemente en la revista cient\u00edfica PLOS One, detalla c\u00f3mo estas criaturas han logrado cambiar sus patrones de sue\u00f1o y alimentaci\u00f3n, atacando el desarrollo que tienen las especies nativas de Chile. As\u00ed, por ejemplo, el vis\u00f3n se volvi\u00f3 m\u00e1s diurno y terrestre en la isla Navarino, en la Reserva de la Bi\u00f3sfera Cabo de Hornos. Si bien el &#8220;impacto m\u00e1s conocido y emblem\u00e1tico es el del castor en el bosque nativo&#8221;, comenta Ramiro Crego, de la casa de estudios estadounidense, explica que &#8220;en el caso del vis\u00f3n, es un depredador generalista y muy pl\u00e1stico, capaz de adaptarse a distintos h\u00e1bitats con distintas condiciones ambientales y presas&#8221;. Actualmente, quienes m\u00e1s sufren este impacto es &#8220;la fauna aut\u00f3ctona de vertebrados se restringe a las aves, mam\u00edferos peque\u00f1os y peces&#8221;, ya que ellos &#8220;evolucionaron sin la presencia de los depredadores ex\u00f3ticos, por lo que son &#8216;ingenuos&#8217; y vulnerables&#8221; a los ataques de los visones. Quienes tambi\u00e9n representan una amenaza son las avispas chaqueta amarilla (Vespula vulgaris), la que ya ha sido calificada como una de las 100 especies invasoras m\u00e1s da\u00f1inas del planeta por la Uni\u00f3n Internacional para la Conservaci\u00f3n de la Naturaleza (UICN). En Chile se registr\u00f3 su primera aparici\u00f3n en 2011, en la Regi\u00f3n de la Araucan\u00eda, y ya para el a\u00f1o 2015 hab\u00eda logrado llegar a la Reserva de la Biosfera Cabo de Hornos. &#8220;Lo que sabemos, actualmente, es que la chaqueta amarilla presenta una acelerada dispersi\u00f3n en su distribuci\u00f3n, de aproximadamente 25 kil\u00f3metros por a\u00f1o&#8221;, detalla Javier Rendoll, cient\u00edfico del Programa de Conservaci\u00f3n Biocultural Subant\u00e1rtica (PCBS). En este caso, las especies nativas m\u00e1s afectadas son los polinizadores como las moscas flor\u00edcolas (d\u00edpteros, tip\u00falidos y s\u00edrfidos), ara\u00f1as, escarabajos y larvas de mariposas y polillas, principalmente por la competencia en el consumo de n\u00e9ctar o al ser depredadas para alimentar a las larvas de la avispa. &#8220;Son varios los problemas que enfrenta la Reserva Cabo de Hornos y el mundo, todos bajo el brazo del cambio global. El turismo masivo sin regulaci\u00f3n, la fragmentaci\u00f3n de h\u00e1bitat, las invasiones biol\u00f3gicas, entre otros, afectan de manera heterog\u00e9nea al planeta y sus diversas regiones. Las invasiones biol\u00f3gicas son un tema complejo: para avanzar es necesario que sean abordadas tempranamente y que incluyan el componente social&#8221;, sostiene Rendoll.<\/p>\n<p><iframe loading=\"lazy\" title=\"La invasion del vis\u00f3n\" width=\"1170\" height=\"658\" src=\"https:\/\/www.youtube.com\/embed\/2pMV232nBlo?feature=oembed\" frameborder=\"0\" allow=\"accelerometer; autoplay; encrypted-media; gyroscope; picture-in-picture\" allowfullscreen><\/iframe><\/p>\n","protected":false},"excerpt":{"rendered":"<p>Este peque\u00f1o animal, originario de Norteam\u00e9rica, ha cambiado sus patrones de sue\u00f1o, afectando al desarrollo de la diversidad en la zona. As\u00ed como este mam\u00edfero, otros insectos y animales atentan contra el desarrollo de especies nativas. Un nuevo an\u00e1lisis del impacto de especies invasoras en zonas protegidas de Chile ha revelado la gran amenaza que<\/p>\n<p class=\"more-link\"><a href=\"https:\/\/radiobarrancas.cl\/index.php\/2020\/02\/26\/el-vison-lidera-la-lista-de-especies-invasivas-en-la-reserva-de-la-biosfera-cabo-de-hornos\/\" class=\"themebutton2\">Read More<\/a><\/p>\n","protected":false},"author":1,"featured_media":313,"comment_status":"open","ping_status":"open","sticky":false,"template":"","format":"standard","meta":{"footnotes":""},"categories":[3],"tags":[],"class_list":["post-311","post","type-post","status-publish","format-standard","has-post-thumbnail","hentry","category-noticias"],"jetpack_featured_media_url":"https:\/\/radiobarrancas.cl\/wp-content\/uploads\/2020\/02\/vison.png","_links":{"self":[{"href":"https:\/\/radiobarrancas.cl\/index.php\/wp-json\/wp\/v2\/posts\/311","targetHints":{"allow":["GET"]}}],"collection":[{"href":"https:\/\/radiobarrancas.cl\/index.php\/wp-json\/wp\/v2\/posts"}],"about":[{"href":"https:\/\/radiobarrancas.cl\/index.php\/wp-json\/wp\/v2\/types\/post"}],"author":[{"embeddable":true,"href":"https:\/\/radiobarrancas.cl\/index.php\/wp-json\/wp\/v2\/users\/1"}],"replies":[{"embeddable":true,"href":"https:\/\/radiobarrancas.cl\/index.php\/wp-json\/wp\/v2\/comments?post=311"}],"version-history":[{"count":3,"href":"https:\/\/radiobarrancas.cl\/index.php\/wp-json\/wp\/v2\/posts\/311\/revisions"}],"predecessor-version":[{"id":315,"href":"https:\/\/radiobarrancas.cl\/index.php\/wp-json\/wp\/v2\/posts\/311\/revisions\/315"}],"wp:featuredmedia":[{"embeddable":true,"href":"https:\/\/radiobarrancas.cl\/index.php\/wp-json\/wp\/v2\/media\/313"}],"wp:attachment":[{"href":"https:\/\/radiobarrancas.cl\/index.php\/wp-json\/wp\/v2\/media?parent=311"}],"wp:term":[{"taxonomy":"category","embeddable":true,"href":"https:\/\/radiobarrancas.cl\/index.php\/wp-json\/wp\/v2\/categories?post=311"},{"taxonomy":"post_tag","embeddable":true,"href":"https:\/\/radiobarrancas.cl\/index.php\/wp-json\/wp\/v2\/tags?post=311"}],"curies":[{"name":"wp","href":"https:\/\/api.w.org\/{rel}","templated":true}]}}