{"id":307,"date":"2020-02-26T22:12:25","date_gmt":"2020-02-26T22:12:25","guid":{"rendered":"https:\/\/radiobarrancas.cl\/?p=307"},"modified":"2020-02-26T22:13:25","modified_gmt":"2020-02-26T22:13:25","slug":"informe-de-perito-de-la-corte-penal-internacional-demuele-tesis-del-suicidio-de-macarena-valdes","status":"publish","type":"post","link":"https:\/\/radiobarrancas.cl\/index.php\/2020\/02\/26\/informe-de-perito-de-la-corte-penal-internacional-demuele-tesis-del-suicidio-de-macarena-valdes\/","title":{"rendered":"Informe de perito de la Corte Penal Internacional demuele tesis del suicidio de Macarena Vald\u00e9s"},"content":{"rendered":"<p>Impactante caso de la muerte de la joven activista en el sur de Chile, cuyo deceso fue una inc\u00f3gnita desde el momento del suceso. Aqu\u00ed tenemos nuevos antecedentes que ojal\u00e1 ayuden a esclarecer este caso que ha impactado fuertemente a nuestro pa\u00eds. Reportaje de Radio Universidad de Chile.<\/p>\n<p><a href=\"https:\/\/radio.uchile.cl\/2019\/09\/24\/informe-de-perito-de-la-corte-penal-internacional-demuele-tesis-del-suicidio-de-macarena-valdes\/\">https:\/\/radio.uchile.cl\/2019\/09\/24\/informe-de-perito-de-la-corte-penal-internacional-demuele-tesis-del-suicidio-de-macarena-valdes\/<\/a><\/p>\n","protected":false},"excerpt":{"rendered":"<p>Impactante caso de la muerte de la joven activista en el sur de Chile, cuyo deceso fue una inc\u00f3gnita desde el momento del suceso. Aqu\u00ed tenemos nuevos antecedentes que ojal\u00e1 ayuden a esclarecer este caso que ha impactado fuertemente a nuestro pa\u00eds. Reportaje de Radio Universidad de Chile. https:\/\/radio.uchile.cl\/2019\/09\/24\/informe-de-perito-de-la-corte-penal-internacional-demuele-tesis-del-suicidio-de-macarena-valdes\/<\/p>\n","protected":false},"author":1,"featured_media":309,"comment_status":"open","ping_status":"open","sticky":false,"template":"","format":"standard","meta":{"footnotes":""},"categories":[3],"tags":[],"class_list":["post-307","post","type-post","status-publish","format-standard","has-post-thumbnail","hentry","category-noticias"],"jetpack_featured_media_url":"https:\/\/radiobarrancas.cl\/wp-content\/uploads\/2020\/02\/macarena-valdes.jpg","_links":{"self":[{"href":"https:\/\/radiobarrancas.cl\/index.php\/wp-json\/wp\/v2\/posts\/307","targetHints":{"allow":["GET"]}}],"collection":[{"href":"https:\/\/radiobarrancas.cl\/index.php\/wp-json\/wp\/v2\/posts"}],"about":[{"href":"https:\/\/radiobarrancas.cl\/index.php\/wp-json\/wp\/v2\/types\/post"}],"author":[{"embeddable":true,"href":"https:\/\/radiobarrancas.cl\/index.php\/wp-json\/wp\/v2\/users\/1"}],"replies":[{"embeddable":true,"href":"https:\/\/radiobarrancas.cl\/index.php\/wp-json\/wp\/v2\/comments?post=307"}],"version-history":[{"count":2,"href":"https:\/\/radiobarrancas.cl\/index.php\/wp-json\/wp\/v2\/posts\/307\/revisions"}],"predecessor-version":[{"id":310,"href":"https:\/\/radiobarrancas.cl\/index.php\/wp-json\/wp\/v2\/posts\/307\/revisions\/310"}],"wp:featuredmedia":[{"embeddable":true,"href":"https:\/\/radiobarrancas.cl\/index.php\/wp-json\/wp\/v2\/media\/309"}],"wp:attachment":[{"href":"https:\/\/radiobarrancas.cl\/index.php\/wp-json\/wp\/v2\/media?parent=307"}],"wp:term":[{"taxonomy":"category","embeddable":true,"href":"https:\/\/radiobarrancas.cl\/index.php\/wp-json\/wp\/v2\/categories?post=307"},{"taxonomy":"post_tag","embeddable":true,"href":"https:\/\/radiobarrancas.cl\/index.php\/wp-json\/wp\/v2\/tags?post=307"}],"curies":[{"name":"wp","href":"https:\/\/api.w.org\/{rel}","templated":true}]}}