{"id":269,"date":"2020-02-22T00:59:38","date_gmt":"2020-02-22T00:59:38","guid":{"rendered":"https:\/\/radiobarrancas.cl\/?p=269"},"modified":"2020-02-22T01:11:32","modified_gmt":"2020-02-22T01:11:32","slug":"masacre-en-la-escuela-santa-maria-de-iquique-en-1907","status":"publish","type":"post","link":"https:\/\/radiobarrancas.cl\/index.php\/2020\/02\/22\/masacre-en-la-escuela-santa-maria-de-iquique-en-1907\/","title":{"rendered":"Masacre en la escuela Santa Mar\u00eda de Iquique en 1907"},"content":{"rendered":"<p>Los sucesos que culminaron en la tr\u00e1gica masacre de la Escuela Santa Mar\u00eda de Iquique, el 21 de diciembre de 1907, constituyeron unos de los hitos m\u00e1s emblem\u00e1ticos del movimiento obrero chileno. La mediaci\u00f3n del gobierno durante la huelga, su masividad y su fatal desenlace, le dieron una especial connotaci\u00f3n al conflicto, adem\u00e1s de afectar profundamente la actividad salitrera y de provocar un fuerte impacto en la \u00e9poca, reflejado en la extraordinaria <a class=\"mark_ui\">difusi\u00f3n<\/a>\u00a0de los acontecimientos en la prensa.<\/p>\n<p>Aunque el movimiento obrero ya se hab\u00eda visto afectado por otros conflictos que culminaron en sangrientos incidentes como la\u00a0<span class=\"mark_error\">huelga portuaria de Valpara\u00edso<\/span>\u00a0en 1903 y la\u00a0<a class=\"mark_ui\">huelga de la carne en 1905<\/a>, la\u00a0<a class=\"mark_ui\">singularidad<\/a>\u00a0que revistieron los hechos de 1907 le otorg\u00f3 una relevancia que no tiene equivalencia. Este suceso se convirti\u00f3 en un s\u00edmbolo de la lucha social y del &#8220;martirio&#8221; que caracteriz\u00f3 a la historia popular del siglo XX, adem\u00e1s ser un referente para muchos intelectuales y artistas que lo transformaron en\u00a0<a class=\"mark_ui\">tema de estudio<\/a>\u00a0y de\u00a0<a class=\"mark_ui\">expresi\u00f3n est\u00e9tica<\/a>\u00a0que contribuyeron a preservar la\u00a0<a class=\"mark_ui\">cultura obrera<\/a>\u00a0en la memoria colectiva del pa\u00eds.<\/p>\n<p>Pese a que desde principios de 1907, Iquique se encontraba convulsionado por una serie de conflictos debido a la fuerte devaluaci\u00f3n del peso y la consiguiente alza de precios, la huelga salitrera propiamente tal, estall\u00f3 el 10 de diciembre en la oficina San Lorenzo, extendi\u00e9ndose r\u00e1pidamente a todo el cant\u00f3n de San Antonio. Cinco d\u00edas despu\u00e9s, una columna de m\u00e1s de dos mil obreros camin\u00f3 a Iquique en demanda de mejoras salariales y laborales, bajo la firme decisi\u00f3n de permanecer all\u00ed hasta que las compa\u00f1\u00edas salitreras dieran respuesta a sus <a class=\"mark_ui\">peticiones<\/a>. Con el correr de los d\u00edas la situaci\u00f3n se agrav\u00f3. Mientras que numerosos gremios de Iquique se sumaron al movimiento huelgu\u00edstico, todos los cantones salitreros se plegaron al paro y, peri\u00f3dicamente, nuevos contingentes de mineros llegaban a la ciudad. Seg\u00fan estimaciones de la \u00e9poca, las cifras de huelguistas oscilaban entre 15 mil a 23 mil personas, lo que implic\u00f3 que tanto las actividades del puerto, como la producci\u00f3n minera de toda la regi\u00f3n, quedaran paralizadas por completo.<\/p>\n<p>El rechazo de las compa\u00f1\u00edas a negociar mientras no se reanudaran las labores, hizo que intervenci\u00f3n estatal fuera confrontacional. El ministro del Interior Rafael Sotomayor orden\u00f3 restringir las libertades de reuni\u00f3n e impedir por cualquier medio el arribo de nuevos huelguistas a Iquique y el intendente Carlos Eastman decret\u00f3 restricciones a la libertad de tr\u00e1nsito y orden\u00f3 a los huelguistas a abandonar la ciudad el 21 de diciembre, amenanzando con aplicar la fuerza si era necesario. Para entonces, el puerto ya se hallaba resguardado por una numerosa tropa de l\u00ednea y tres buques de guerra.<\/p>\n<p>Ante la negativa de los huelguistas a desalojar la Escuela Santa Mar\u00eda, en donde permanec\u00edan desde hac\u00eda una semana, el 21 de diciembre el general Roberto Silva Renard orden\u00f3 a sus tropas hacer fuego en contra de la multitud. Seg\u00fan testigos, m\u00e1s de 200 cad\u00e1veres quedaron tendidos en la Plaza Montt y entre 200 y 400 heridos fueron trasladados a hospitales, de los cuales m\u00e1s de noventa murieron esa misma noche. Los sobrevivientes fueron enviados de regreso a las oficinas o embarcados a Valpara\u00edso.<\/p>\n<p>Las\u00a0<a class=\"mark_ui\">consecuencias<\/a>\u00a0de la\u00a0<a class=\"mark_ui\">masacre<\/a> no se hicieron esperar. La notoriedad p\u00fablica que alcanzaron los hechos logr\u00f3 conmover a varios intelectuales y pol\u00edticos, convenci\u00e9ndolos de la necesidad de abrir el debate sobre la cuesti\u00f3n social, mientras los sectores populares organizados reformularon sus propias estrategias a la luz de las ense\u00f1anzas que extrajeron de la tragedia.<\/p>\n\n\t\t<style type=\"text\/css\">\n\t\t\t#gallery-1 {\n\t\t\t\tmargin: auto;\n\t\t\t}\n\t\t\t#gallery-1 .gallery-item {\n\t\t\t\tfloat: left;\n\t\t\t\tmargin-top: 10px;\n\t\t\t\ttext-align: center;\n\t\t\t\twidth: 33%;\n\t\t\t}\n\t\t\t#gallery-1 img {\n\t\t\t\tborder: 2px solid #cfcfcf;\n\t\t\t}\n\t\t\t#gallery-1 .gallery-caption {\n\t\t\t\tmargin-left: 0;\n\t\t\t}\n\t\t\t\/* see gallery_shortcode() in wp-includes\/media.php *\/\n\t\t<\/style>\n\t\t<div id='gallery-1' class='gallery galleryid-269 gallery-columns-3 gallery-size-thumbnail'><dl class='gallery-item'>\n\t\t\t<dt class='gallery-icon landscape'>\n\t\t\t\t<a href='https:\/\/radiobarrancas.cl\/index.php\/2020\/02\/22\/masacre-en-la-escuela-santa-maria-de-iquique-en-1907\/articles-67922_thumbnail\/#main'><img loading=\"lazy\" decoding=\"async\" width=\"150\" height=\"150\" src=\"https:\/\/radiobarrancas.cl\/wp-content\/uploads\/2020\/02\/articles-67922_thumbnail-150x150.jpg\" class=\"attachment-thumbnail size-thumbnail\" alt=\"\" aria-describedby=\"gallery-1-274\" \/><\/a>\n\t\t\t<\/dt>\n\t\t\t\t<dd class='wp-caption-text gallery-caption' id='gallery-1-274'>\n\t\t\t\tConcentraci\u00f3n de personas en Iquique 1907\n\t\t\t\t<\/dd><\/dl><dl class='gallery-item'>\n\t\t\t<dt class='gallery-icon portrait'>\n\t\t\t\t<a href='https:\/\/radiobarrancas.cl\/index.php\/2020\/02\/22\/masacre-en-la-escuela-santa-maria-de-iquique-en-1907\/concentracion-de-personas-en-iquique-1907\/#main'><img loading=\"lazy\" decoding=\"async\" width=\"150\" height=\"150\" src=\"https:\/\/radiobarrancas.cl\/wp-content\/uploads\/2020\/02\/Concentracion-de-personas-en-Iquique-1907-150x150.jpg\" class=\"attachment-thumbnail size-thumbnail\" alt=\"\" aria-describedby=\"gallery-1-275\" \/><\/a>\n\t\t\t<\/dt>\n\t\t\t\t<dd class='wp-caption-text gallery-caption' id='gallery-1-275'>\n\t\t\t\tAutoridaes civiles y militares hacia 1907\n\t\t\t\t<\/dd><\/dl><dl class='gallery-item'>\n\t\t\t<dt class='gallery-icon landscape'>\n\t\t\t\t<a href='https:\/\/radiobarrancas.cl\/index.php\/2020\/02\/22\/masacre-en-la-escuela-santa-maria-de-iquique-en-1907\/desembarco-de-sobrevivientes-en-muelle-prat-1907\/#main'><img loading=\"lazy\" decoding=\"async\" width=\"150\" height=\"150\" src=\"https:\/\/radiobarrancas.cl\/wp-content\/uploads\/2020\/02\/Desembarco-de-sobrevivientes-en-muelle-Prat-1907-150x150.jpg\" class=\"attachment-thumbnail size-thumbnail\" alt=\"\" aria-describedby=\"gallery-1-276\" \/><\/a>\n\t\t\t<\/dt>\n\t\t\t\t<dd class='wp-caption-text gallery-caption' id='gallery-1-276'>\n\t\t\t\tDesembarco de sobrevivientes en muelle Prat 1908\n\t\t\t\t<\/dd><\/dl><br style=\"clear: both\" \/><dl class='gallery-item'>\n\t\t\t<dt class='gallery-icon landscape'>\n\t\t\t\t<a href='https:\/\/radiobarrancas.cl\/index.php\/2020\/02\/22\/masacre-en-la-escuela-santa-maria-de-iquique-en-1907\/escuela-santa-maria-de-iquique-1907\/#main'><img loading=\"lazy\" decoding=\"async\" width=\"150\" height=\"150\" src=\"https:\/\/radiobarrancas.cl\/wp-content\/uploads\/2020\/02\/Escuela-Santa-Maria-de-Iquique-1907-150x150.jpg\" class=\"attachment-thumbnail size-thumbnail\" alt=\"\" aria-describedby=\"gallery-1-277\" \/><\/a>\n\t\t\t<\/dt>\n\t\t\t\t<dd class='wp-caption-text gallery-caption' id='gallery-1-277'>\n\t\t\t\tEscuela Santa Mar\u00eda en 1907\n\t\t\t\t<\/dd><\/dl><dl class='gallery-item'>\n\t\t\t<dt class='gallery-icon landscape'>\n\t\t\t\t<a href='https:\/\/radiobarrancas.cl\/index.php\/2020\/02\/22\/masacre-en-la-escuela-santa-maria-de-iquique-en-1907\/grupo-de-obreros-se-dirige-a-la-escuela-santa-maria\/#main'><img loading=\"lazy\" decoding=\"async\" width=\"150\" height=\"150\" src=\"https:\/\/radiobarrancas.cl\/wp-content\/uploads\/2020\/02\/Grupo-de-obreros-se-dirige-a-la-escuela-Santa-Maria-150x150.jpg\" class=\"attachment-thumbnail size-thumbnail\" alt=\"\" aria-describedby=\"gallery-1-278\" \/><\/a>\n\t\t\t<\/dt>\n\t\t\t\t<dd class='wp-caption-text gallery-caption' id='gallery-1-278'>\n\t\t\t\tGrupo de obreros se dirige a la escuela Santa Mar\u00eda\n\t\t\t\t<\/dd><\/dl><dl class='gallery-item'>\n\t\t\t<dt class='gallery-icon landscape'>\n\t\t\t\t<a href='https:\/\/radiobarrancas.cl\/index.php\/2020\/02\/22\/masacre-en-la-escuela-santa-maria-de-iquique-en-1907\/grupo-de-sobrevivientes-en-la-primera-comisaria-de-vanparaiso-1908\/#main'><img loading=\"lazy\" decoding=\"async\" width=\"150\" height=\"150\" src=\"https:\/\/radiobarrancas.cl\/wp-content\/uploads\/2020\/02\/Grupo-de-sobrevivientes-en-la-primera-comisaria-de-Va\u00f1paraiso-1908-150x150.jpg\" class=\"attachment-thumbnail size-thumbnail\" alt=\"\" aria-describedby=\"gallery-1-279\" \/><\/a>\n\t\t\t<\/dt>\n\t\t\t\t<dd class='wp-caption-text gallery-caption' id='gallery-1-279'>\n\t\t\t\tGrupo de sobrevivientes en la 1a comisar\u00eda de Valpara\u00edso 1908\n\t\t\t\t<\/dd><\/dl><br style=\"clear: both\" \/><dl class='gallery-item'>\n\t\t\t<dt class='gallery-icon landscape'>\n\t\t\t\t<a href='https:\/\/radiobarrancas.cl\/index.php\/2020\/02\/22\/masacre-en-la-escuela-santa-maria-de-iquique-en-1907\/huelga-en-iquique-1907\/#main'><img loading=\"lazy\" decoding=\"async\" width=\"150\" height=\"150\" src=\"https:\/\/radiobarrancas.cl\/wp-content\/uploads\/2020\/02\/Huelga-en-Iquique-1907-150x150.jpg\" class=\"attachment-thumbnail size-thumbnail\" alt=\"\" aria-describedby=\"gallery-1-280\" \/><\/a>\n\t\t\t<\/dt>\n\t\t\t\t<dd class='wp-caption-text gallery-caption' id='gallery-1-280'>\n\t\t\t\tHuelga en Iquique 1907\n\t\t\t\t<\/dd><\/dl><dl class='gallery-item'>\n\t\t\t<dt class='gallery-icon portrait'>\n\t\t\t\t<a href='https:\/\/radiobarrancas.cl\/index.php\/2020\/02\/22\/masacre-en-la-escuela-santa-maria-de-iquique-en-1907\/nicolas-palacios-y-su-padre-1900\/#main'><img loading=\"lazy\" decoding=\"async\" width=\"150\" height=\"150\" src=\"https:\/\/radiobarrancas.cl\/wp-content\/uploads\/2020\/02\/Nicolas-Palacios-y-su-padre-1900-150x150.jpg\" class=\"attachment-thumbnail size-thumbnail\" alt=\"\" aria-describedby=\"gallery-1-281\" \/><\/a>\n\t\t\t<\/dt>\n\t\t\t\t<dd class='wp-caption-text gallery-caption' id='gallery-1-281'>\n\t\t\t\tNicol\u00e1s Palacios y su padre\n\t\t\t\t<\/dd><\/dl><dl class='gallery-item'>\n\t\t\t<dt class='gallery-icon landscape'>\n\t\t\t\t<a href='https:\/\/radiobarrancas.cl\/index.php\/2020\/02\/22\/masacre-en-la-escuela-santa-maria-de-iquique-en-1907\/obreros-chilenos-1908\/#main'><img loading=\"lazy\" decoding=\"async\" width=\"150\" height=\"150\" src=\"https:\/\/radiobarrancas.cl\/wp-content\/uploads\/2020\/02\/Obreros-chilenos-1908-150x150.jpg\" class=\"attachment-thumbnail size-thumbnail\" alt=\"\" aria-describedby=\"gallery-1-282\" \/><\/a>\n\t\t\t<\/dt>\n\t\t\t\t<dd class='wp-caption-text gallery-caption' id='gallery-1-282'>\n\t\t\t\tObreros chilenos 1908\n\t\t\t\t<\/dd><\/dl><br style=\"clear: both\" \/><dl class='gallery-item'>\n\t\t\t<dt class='gallery-icon landscape'>\n\t\t\t\t<a href='https:\/\/radiobarrancas.cl\/index.php\/2020\/02\/22\/masacre-en-la-escuela-santa-maria-de-iquique-en-1907\/obreros-detenidos-con-su-equipaje-1908\/#main'><img loading=\"lazy\" decoding=\"async\" width=\"150\" height=\"150\" src=\"https:\/\/radiobarrancas.cl\/wp-content\/uploads\/2020\/02\/Obreros-detenidos-con-su-equipaje-1908-150x150.jpg\" class=\"attachment-thumbnail size-thumbnail\" alt=\"\" aria-describedby=\"gallery-1-283\" \/><\/a>\n\t\t\t<\/dt>\n\t\t\t\t<dd class='wp-caption-text gallery-caption' id='gallery-1-283'>\n\t\t\t\tObreros detenidos con su equipaje 1908\n\t\t\t\t<\/dd><\/dl><dl class='gallery-item'>\n\t\t\t<dt class='gallery-icon landscape'>\n\t\t\t\t<a href='https:\/\/radiobarrancas.cl\/index.php\/2020\/02\/22\/masacre-en-la-escuela-santa-maria-de-iquique-en-1907\/oficina-salitrera-hacia-1906\/#main'><img loading=\"lazy\" decoding=\"async\" width=\"150\" height=\"150\" src=\"https:\/\/radiobarrancas.cl\/wp-content\/uploads\/2020\/02\/Oficina-salitrera-hacia-1906-150x150.jpg\" class=\"attachment-thumbnail size-thumbnail\" alt=\"\" aria-describedby=\"gallery-1-284\" \/><\/a>\n\t\t\t<\/dt>\n\t\t\t\t<dd class='wp-caption-text gallery-caption' id='gallery-1-284'>\n\t\t\t\tOficina Salitrera hacia 1906\n\t\t\t\t<\/dd><\/dl><dl class='gallery-item'>\n\t\t\t<dt class='gallery-icon portrait'>\n\t\t\t\t<a href='https:\/\/radiobarrancas.cl\/index.php\/2020\/02\/22\/masacre-en-la-escuela-santa-maria-de-iquique-en-1907\/portada-de-a-pampa-eneke-1954\/#main'><img loading=\"lazy\" decoding=\"async\" width=\"150\" height=\"150\" src=\"https:\/\/radiobarrancas.cl\/wp-content\/uploads\/2020\/02\/Portada-de-A-Pampa-\u00e9neke-1954-150x150.jpg\" class=\"attachment-thumbnail size-thumbnail\" alt=\"\" aria-describedby=\"gallery-1-285\" \/><\/a>\n\t\t\t<\/dt>\n\t\t\t\t<dd class='wp-caption-text gallery-caption' id='gallery-1-285'>\n\t\t\t\tPortada revista 1954\n\t\t\t\t<\/dd><\/dl><br style=\"clear: both\" \/><dl class='gallery-item'>\n\t\t\t<dt class='gallery-icon portrait'>\n\t\t\t\t<a href='https:\/\/radiobarrancas.cl\/index.php\/2020\/02\/22\/masacre-en-la-escuela-santa-maria-de-iquique-en-1907\/trabajadores-al-interior-de-una-salitrera-hacia-1900\/#main'><img loading=\"lazy\" decoding=\"async\" width=\"150\" height=\"150\" src=\"https:\/\/radiobarrancas.cl\/wp-content\/uploads\/2020\/02\/Trabajadores-al-interior-de-una-salitrera-hacia-1900-150x150.jpg\" class=\"attachment-thumbnail size-thumbnail\" alt=\"\" aria-describedby=\"gallery-1-286\" \/><\/a>\n\t\t\t<\/dt>\n\t\t\t\t<dd class='wp-caption-text gallery-caption' id='gallery-1-286'>\n\t\t\t\tTrabajadores al interior de una salitrera hacia 1900\n\t\t\t\t<\/dd><\/dl><dl class='gallery-item'>\n\t\t\t<dt class='gallery-icon landscape'>\n\t\t\t\t<a href='https:\/\/radiobarrancas.cl\/index.php\/2020\/02\/22\/masacre-en-la-escuela-santa-maria-de-iquique-en-1907\/trabajadores-de-las-salitreras-en-la-comisaria-1908\/#main'><img loading=\"lazy\" decoding=\"async\" width=\"150\" height=\"150\" src=\"https:\/\/radiobarrancas.cl\/wp-content\/uploads\/2020\/02\/Trabajadores-de-las-salitreras-en-la-comisaria-1908-150x150.jpg\" class=\"attachment-thumbnail size-thumbnail\" alt=\"\" aria-describedby=\"gallery-1-287\" \/><\/a>\n\t\t\t<\/dt>\n\t\t\t\t<dd class='wp-caption-text gallery-caption' id='gallery-1-287'>\n\t\t\t\tTrabajadores de las salitreras en la 1a comisar\u00eda 1908\n\t\t\t\t<\/dd><\/dl><dl class='gallery-item'>\n\t\t\t<dt class='gallery-icon landscape'>\n\t\t\t\t<a href='https:\/\/radiobarrancas.cl\/index.php\/2020\/02\/22\/masacre-en-la-escuela-santa-maria-de-iquique-en-1907\/tropas-del-regimiento-esmeralda-comprometidas-en-la-masacre-de-1907\/#main'><img loading=\"lazy\" decoding=\"async\" width=\"150\" height=\"150\" src=\"https:\/\/radiobarrancas.cl\/wp-content\/uploads\/2020\/02\/Tropas-del-Regimiento-Esmeralda-comprometidas-en-la-masacre-de-1907-150x150.jpg\" class=\"attachment-thumbnail size-thumbnail\" alt=\"\" aria-describedby=\"gallery-1-288\" \/><\/a>\n\t\t\t<\/dt>\n\t\t\t\t<dd class='wp-caption-text gallery-caption' id='gallery-1-288'>\n\t\t\t\tTropas del Regimiento Esmeralda comprometidas en la masacre\n\t\t\t\t<\/dd><\/dl><br style=\"clear: both\" \/>\n\t\t<\/div>\n\n<p>Este documento pertenece al patrimonio cultural com\u00fan, por lo que puede ser utilizado y reproducido libremente.<\/p>\n<p>Fuente: www.memoriachilena.gob.cl<\/p>\n","protected":false},"excerpt":{"rendered":"<p>Los sucesos que culminaron en la tr\u00e1gica masacre de la Escuela Santa Mar\u00eda de Iquique, el 21 de diciembre de 1907, constituyeron unos de los hitos m\u00e1s emblem\u00e1ticos del movimiento obrero chileno. La mediaci\u00f3n del gobierno durante la huelga, su masividad y su fatal desenlace, le dieron una especial connotaci\u00f3n al conflicto, adem\u00e1s de afectar<\/p>\n<p class=\"more-link\"><a href=\"https:\/\/radiobarrancas.cl\/index.php\/2020\/02\/22\/masacre-en-la-escuela-santa-maria-de-iquique-en-1907\/\" class=\"themebutton2\">Read More<\/a><\/p>\n","protected":false},"author":1,"featured_media":277,"comment_status":"open","ping_status":"open","sticky":false,"template":"","format":"standard","meta":{"footnotes":""},"categories":[1],"tags":[],"class_list":["post-269","post","type-post","status-publish","format-standard","has-post-thumbnail","hentry","category-uncategorized"],"jetpack_featured_media_url":"https:\/\/radiobarrancas.cl\/wp-content\/uploads\/2020\/02\/Escuela-Santa-Maria-de-Iquique-1907.jpg","_links":{"self":[{"href":"https:\/\/radiobarrancas.cl\/index.php\/wp-json\/wp\/v2\/posts\/269","targetHints":{"allow":["GET"]}}],"collection":[{"href":"https:\/\/radiobarrancas.cl\/index.php\/wp-json\/wp\/v2\/posts"}],"about":[{"href":"https:\/\/radiobarrancas.cl\/index.php\/wp-json\/wp\/v2\/types\/post"}],"author":[{"embeddable":true,"href":"https:\/\/radiobarrancas.cl\/index.php\/wp-json\/wp\/v2\/users\/1"}],"replies":[{"embeddable":true,"href":"https:\/\/radiobarrancas.cl\/index.php\/wp-json\/wp\/v2\/comments?post=269"}],"version-history":[{"count":6,"href":"https:\/\/radiobarrancas.cl\/index.php\/wp-json\/wp\/v2\/posts\/269\/revisions"}],"predecessor-version":[{"id":290,"href":"https:\/\/radiobarrancas.cl\/index.php\/wp-json\/wp\/v2\/posts\/269\/revisions\/290"}],"wp:featuredmedia":[{"embeddable":true,"href":"https:\/\/radiobarrancas.cl\/index.php\/wp-json\/wp\/v2\/media\/277"}],"wp:attachment":[{"href":"https:\/\/radiobarrancas.cl\/index.php\/wp-json\/wp\/v2\/media?parent=269"}],"wp:term":[{"taxonomy":"category","embeddable":true,"href":"https:\/\/radiobarrancas.cl\/index.php\/wp-json\/wp\/v2\/categories?post=269"},{"taxonomy":"post_tag","embeddable":true,"href":"https:\/\/radiobarrancas.cl\/index.php\/wp-json\/wp\/v2\/tags?post=269"}],"curies":[{"name":"wp","href":"https:\/\/api.w.org\/{rel}","templated":true}]}}