{"id":258,"date":"2020-02-22T00:42:24","date_gmt":"2020-02-22T00:42:24","guid":{"rendered":"https:\/\/radiobarrancas.cl\/?p=258"},"modified":"2020-02-22T00:49:10","modified_gmt":"2020-02-22T00:49:10","slug":"de-barrancas-a-pudahuel","status":"publish","type":"post","link":"https:\/\/radiobarrancas.cl\/index.php\/2020\/02\/22\/de-barrancas-a-pudahuel\/","title":{"rendered":"De Barrancas a Pudahuel"},"content":{"rendered":"<p><em>La comuna de Barrancas fue para Violeta Parra en los cincuentas y para V\u00edctor Jara en los sesentas, como un ba\u00fal donde se depositaron los recuerdos, la riqueza cultural y los anhelos de una parte importante del \u201cpueblo chileno\u201d. Varias d\u00e9cadas m\u00e1s tarde, reivindicando su origen popular, la gente de Pudahuel conserva ese particular atractivo de quien se enorgullece de ser quien es y de vivir donde vive.<\/em><\/p>\n<p>Pudahuel. 2012. La m\u00fasica de Violeta Parra resuena en la micro del Transantiago, donde una mujer se ha subido, guitarra en mano, a cantar las entra\u00f1ables coplas de \u201cLa jardinera\u201d. As\u00ed, van sonando esos versos callejeros en medio del barullo de la \u201c504\u201d a las nueve de la ma\u00f1ana. Violeta, la cantautora que \u201crecorri\u00f3 todas las comarcas\u201d -en palabras de su hermano Nicanor-, vivi\u00f3 en la calle Serrano, a dos cuadras de San Pablo, en Pudahuel. Cuando ah\u00ed se instala la feria los domingos y la calle es tomada por mujeres, ni\u00f1os y ancianos, uno podr\u00eda buscar entre la multitud a do\u00f1a Rosa Lorca o a don Juan de Dios Leiva, maestros e inspiradores de la gran artista chilena.<\/p>\n<div>\n<p>Barrancas 1953. Violeta toma el gram\u00f3fono y se lanza a la periferia santiaguina a grabar la m\u00fasica folkl\u00f3rica chilena: \u201cCu\u00e1ndo me iba a imaginar yo que al salir a recoger mi primera canci\u00f3n, un d\u00eda del a\u00f1o 53, en la comuna de Barrancas, iba a aprender que Chile es el mejor libro de folklore que se haya escrito. Cuando aparec\u00ed en la comuna de Barrancas a conversar con do\u00f1a Rosa Lorca, me pareci\u00f3 abrir ese libro\u201d\u00a0<a title=\"\" href=\"http:\/\/www.bifurcaciones.cl\/2013\/01\/de-barrancas-a-pudahuel\/#_edn1\">[1]<\/a>. Violeta sale a leer la vida en el libro de la m\u00fasica, de las d\u00e9cimas, del canto popular; lanza las redes y al arriarlas, se nutre de toda esa sabidur\u00eda.<\/p>\n<p>Pudahuel. 2012. En la plaza V\u00edctor Jara juegan unos ni\u00f1os a la pelota. El esp\u00edritu juguet\u00f3n de V\u00edctor parece rencarnar en mi amigo brasile\u00f1o Paulo Sandroni (ex MR-8) quien h\u00e1bilmente les roba el bal\u00f3n mientras pregunta divertido: \u201c\u00bfMessi o Pel\u00e9?\u201d. Este peque\u00f1o parque fue construido, bautizado y defendido cuando en 1987, el gobierno militar trat\u00f3 de montar all\u00ed una caseta, pero los pobladores lo impidieron y ahora, 25 a\u00f1os m\u00e1s tarde, luce un mural espl\u00e9ndido, pintado por el \u201cMono Gonz\u00e1lez\u201d, uno de los hist\u00f3ricos de la Brigada Ramona Parra. Al costado otros murales, \u00e9stos con toda la t\u00e9cnica y esp\u00edritu graffitero, dialogan con el \u201cMono\u201d, que les dice, como por lo bajito: \u201cEN LA MEMORIA\u2026 ME HAN DADO LA PATRIA COMO EN UN NACIMIENTO\u201d.<\/p>\n<p>Barrancas. 1967. Alrededor de 400 familias se instalan en carpas por la avenida San Pablo\u00a0<a title=\"\" href=\"http:\/\/www.bifurcaciones.cl\/2013\/01\/de-barrancas-a-pudahuel\/#_edn2\">[2]<\/a>. A falta de vivienda la toma de terrenos se presenta como \u00fanica alternativa para los \u201csin techo\u201d. La represi\u00f3n no se hace esperar (es la primera toma en la comuna de Barrancas, que atenta contra la \u201cpropiedad privada\u201d), y en la trifulca muere la peque\u00f1a Herminda. Sin embargo la legitimidad de los pobladores es evidente para la sociedad chilena y con organizaci\u00f3n logran sus objetivos. V\u00edctor Jara decide tomar partido y lanza el disco \u201cLa poblaci\u00f3n\u201d (1972) a prop\u00f3sito del tema del derecho a la vivienda. Entonces, la \u201cToma de la Victoria\u201d se convierte en canci\u00f3n:<\/p>\n<p align=\"center\">Herminda de la Victoria<\/p>\n<p align=\"center\">muri\u00f3 sin haber luchado,<\/p>\n<p align=\"center\">derecho se fue a la gloria<\/p>\n<p align=\"center\">con el pecho atravesado.<\/p>\n<p align=\"center\">Las balas de los mandados<\/p>\n<p align=\"center\">mataron a la inocente.<\/p>\n<p align=\"center\">Lloraban padres y hermanos<\/p>\n<p align=\"center\">en el medio de la gente.<\/p>\n<p align=\"center\">Hermanos se hicieron todos,<\/p>\n<p align=\"center\">hermanos en la desgracia,<\/p>\n<p align=\"center\">peleando contra los lobos,<\/p>\n<p align=\"center\">peleando por una casa.<\/p>\n<p align=\"center\">Herminda de la Victoria<\/p>\n<p align=\"center\">naci\u00f3 en el medio del barro,<\/p>\n<p align=\"center\">creci\u00f3 como mariposa<\/p>\n<p align=\"center\">en un terreno tomado.<\/p>\n<p align=\"center\">Hicimos la poblaci\u00f3n<\/p>\n<p align=\"center\">y han llovido tres inviernos.<\/p>\n<p align=\"center\">Herminda en el coraz\u00f3n<\/p>\n<p style=\"text-align: center;\">guardaremos tu recuerdo.<\/p>\n<p>Pudahuel, 2012. Aunque las movilizaciones del a\u00f1o anterior por la educaci\u00f3n sacudieron Santiago, en las poblaciones se dice que el educativo no es el \u00fanico problema social grave; tambi\u00e9n est\u00e1 el problema de la salud. Los pobladores cuentan sus penurias, desde la mala atenci\u00f3n en la posta (servicio de salubridad estatal) y la falta de medicamentos (ir\u00f3nicamente, en el Chile del crecimiento econ\u00f3mico sostenido no hay suficientes medicamentos para la poblaci\u00f3n). Afortunadamente existe en la periferia popular la medicina tradicional, que ha curado o aliviado los males de tanta gente. En las ferias del sector, en el \u201cpersa\u201d de Teniente Cruz y en peque\u00f1os locales se puede encontrar una amplia variedad de hierbas, ra\u00edces, ung\u00fcentos y jarabes para casi todos los males. Las hierbas de \u201cla Machi\u201d son de las m\u00e1s solicitadas, as\u00ed como los servicios del \u201cMachi\u201d, que tiene su \u201cRuca\u201d cerca de la avenida San Pablo. Uno no deja de sorprenderse c\u00f3mo los conocimientos del pueblo Mapuche (y de toda la tradici\u00f3n amerindia) son de gran utilidad en el neoliberalismo.<\/p>\n<p>Barrancas. 1954. Violeta Parra tiene un encuentro decisivo con do\u00f1a Rosa Lorca, vecina de la quinta \u201cEl Sauce\u201d en la comuna de Barrancas. Violeta buscaba canciones (recopil\u00f3 m\u00e1s de 500) y encontr\u00f3 la sabidur\u00eda popular encarnada en do\u00f1a Rosa. As\u00ed lo relata su hijo \u00c1ngel Parra: \u201c(Violeta) no andaba detr\u00e1s de eruditos, sino que del alma popular\u2026 \u00a1era tan exigente! Entonces Rosa las ten\u00eda todas, porque era partera, sacaba el mal de ojo\u2026 son cosas que yo no menciono para que no se cayera en una cosa muy folcl\u00f3rica. Pero pongo mucho \u00e9nfasis en lo del velorio del angelito porque, en eso, esa mujer era una sa-cer-do-ti-sa\u201d\u00a0. El velorio del angelito le sirve a Violeta como \u201cnomenclatura\u201d de su Canto a lo Humano \/ Canto a lo Divino. Do\u00f1a Rosa le ense\u00f1a tambi\u00e9n a\u00a0 Violeta a dejar fluir el llanto, como este verso que recuperar\u00eda posteriormente en un disco:<\/p>\n<p align=\"center\">Dejen llorar a quien llora,<\/p>\n<p align=\"center\">que descanse su aflicci\u00f3n:<\/p>\n<p align=\"center\">solo llorando descansa<\/p>\n<p style=\"text-align: center;\">su afligido coraz\u00f3n<\/p>\n<p>Pero Violeta tambi\u00e9n se abre a la experiencia masculina del dolor, a veces callado, pero no por eso menos fuerte, como el encuentro con un poblador de Barrancas que ella misma narra as\u00ed: \u201cJuan Leiva. Ochenta y cinco a\u00f1os. Chacarero, cantor y tocador de la comuna de Las Barracas, Santiago. Es un anciano delgad\u00edsimo, erguido y hura\u00f1o. No quiere hablar con nadie. Cuando le ped\u00ed que me ense\u00f1ara su canto, me respondi\u00f3: -Yo jur\u00e9 no volver a cantar mas en mi vida porque Dios me llev\u00f3 a mi nietecita regalona, y la noche terrible que tuve que cantar para ella la tengo anudada en el pecho y la garganta. Juan Leiva rompi\u00f3 su juramento cuando le dije que la patria necesitaba sus cantos: -Por ust\u00e9 lo voy a hacer, Violetita, que es la \u00fanica que transmite lo puetah. Tom\u00f3 la guitarra, la afin\u00f3 y toc\u00f3 los primeros acordes del acompa\u00f1amiento de \u201cCanto a lo divino\u201d, a la modalidad de los cantores de Barrancas. Don Juan de Dios no pudo cantar, era verdad que ten\u00eda por su nieta un nudo en la garganta. Como en un gemido le salieron las primeras palabras:<\/p>\n<p>&nbsp;<\/p>\n<p align=\"center\">\u201c\u00c1ngel glorioso y bendito<\/p>\n<p align=\"center\">que est\u00e1s sentado en lo alto<\/p>\n<p align=\"center\">gloria al Padre, gloria al Hijo<\/p>\n<p style=\"text-align: center;\">gloria al Esp\u00edritu Santo\u201d<\/p>\n<p>&nbsp;<\/p>\n<p>Pudahuel 2012. La se\u00f1ora Mar\u00eda hace milagros con el poco dinero que tiene, pues debe cocinar los alimentos para las m\u00e1s de 12 personas que viven en su casa, entre hijos, nietos y allegados. Aun con todas las dificultades do\u00f1a Mar\u00eda tiene una gran sonrisa, que dibuja en su rostro cuando le pregunto si cree que a Pudahuel lleguen a vivir personas de mejor condici\u00f3n econ\u00f3mica: \u201ca Pudahuel solo se vendr\u00edan a vivir artistas, historiadores, o soci\u00f3logos, como t\u00fa\u201d. Me siento halagado.<\/p>\n\n\t\t<style type=\"text\/css\">\n\t\t\t#gallery-1 {\n\t\t\t\tmargin: auto;\n\t\t\t}\n\t\t\t#gallery-1 .gallery-item {\n\t\t\t\tfloat: left;\n\t\t\t\tmargin-top: 10px;\n\t\t\t\ttext-align: center;\n\t\t\t\twidth: 33%;\n\t\t\t}\n\t\t\t#gallery-1 img {\n\t\t\t\tborder: 2px solid #cfcfcf;\n\t\t\t}\n\t\t\t#gallery-1 .gallery-caption {\n\t\t\t\tmargin-left: 0;\n\t\t\t}\n\t\t\t\/* see gallery_shortcode() in wp-includes\/media.php *\/\n\t\t<\/style>\n\t\t<div id='gallery-1' class='gallery galleryid-258 gallery-columns-3 gallery-size-thumbnail'><dl class='gallery-item'>\n\t\t\t<dt class='gallery-icon landscape'>\n\t\t\t\t<a href='https:\/\/radiobarrancas.cl\/index.php\/2020\/02\/22\/de-barrancas-a-pudahuel\/attachment\/6\/#main'><img loading=\"lazy\" decoding=\"async\" width=\"150\" height=\"150\" src=\"https:\/\/radiobarrancas.cl\/wp-content\/uploads\/2020\/02\/6-150x150.jpg\" class=\"attachment-thumbnail size-thumbnail\" alt=\"\" \/><\/a>\n\t\t\t<\/dt><\/dl><dl class='gallery-item'>\n\t\t\t<dt class='gallery-icon landscape'>\n\t\t\t\t<a href='https:\/\/radiobarrancas.cl\/index.php\/2020\/02\/22\/de-barrancas-a-pudahuel\/attachment\/12\/#main'><img loading=\"lazy\" decoding=\"async\" width=\"150\" height=\"150\" src=\"https:\/\/radiobarrancas.cl\/wp-content\/uploads\/2020\/02\/12-150x150.jpg\" class=\"attachment-thumbnail size-thumbnail\" alt=\"\" \/><\/a>\n\t\t\t<\/dt><\/dl><dl class='gallery-item'>\n\t\t\t<dt class='gallery-icon landscape'>\n\t\t\t\t<a href='https:\/\/radiobarrancas.cl\/index.php\/2020\/02\/22\/de-barrancas-a-pudahuel\/attachment\/32\/#main'><img loading=\"lazy\" decoding=\"async\" width=\"150\" height=\"150\" src=\"https:\/\/radiobarrancas.cl\/wp-content\/uploads\/2020\/02\/32-150x150.jpg\" class=\"attachment-thumbnail size-thumbnail\" alt=\"\" \/><\/a>\n\t\t\t<\/dt><\/dl><br style=\"clear: both\" \/><dl class='gallery-item'>\n\t\t\t<dt class='gallery-icon landscape'>\n\t\t\t\t<a href='https:\/\/radiobarrancas.cl\/index.php\/2020\/02\/22\/de-barrancas-a-pudahuel\/attachment\/51\/#main'><img loading=\"lazy\" decoding=\"async\" width=\"150\" height=\"150\" src=\"https:\/\/radiobarrancas.cl\/wp-content\/uploads\/2020\/02\/51-150x150.jpg\" class=\"attachment-thumbnail size-thumbnail\" alt=\"\" \/><\/a>\n\t\t\t<\/dt><\/dl><dl class='gallery-item'>\n\t\t\t<dt class='gallery-icon landscape'>\n\t\t\t\t<a href='https:\/\/radiobarrancas.cl\/index.php\/2020\/02\/22\/de-barrancas-a-pudahuel\/attachment\/71\/#main'><img loading=\"lazy\" decoding=\"async\" width=\"150\" height=\"150\" src=\"https:\/\/radiobarrancas.cl\/wp-content\/uploads\/2020\/02\/71-150x150.jpg\" class=\"attachment-thumbnail size-thumbnail\" alt=\"\" \/><\/a>\n\t\t\t<\/dt><\/dl>\n\t\t\t<br style='clear: both' \/>\n\t\t<\/div>\n\n<p>Fuente: www.bifurcaciones.cl<\/p>\n<p>TEXTO: LUIS VALADEZ &#8211; IM\u00c1GENES: SOF\u00cdA SIERRA<\/p>\n<p>Luis Valadez Betancourt es mexicano, licenciado en Sociolog\u00eda de la UNAM. Durante el primer semestre de 2012, por una invitaci\u00f3n de Francisco Sabatini, estuvo investigando sobre patrones de segregaci\u00f3n residencial en la comuna de Pudahuel, en Santiago de Chile. Durante esos meses vivi\u00f3 en la comuna.<\/p>\n<p>** Sof\u00eda Sierra ha trabajado en fotograf\u00eda documental.\u00a0 Hace un par de a\u00f1os desarroll\u00f3 una serie fotogr\u00e1fica que retrataba el \u00e1rea nor-poniente de Santiago de Chile,\u00a0incluyendo a las comunas de Cerro Navia, Quinta Normal y Pudahuel;\u00a0<em>Casas Bajas<\/em>\u00a0fue expuesto en los pasillos de su Instituto. En este trabajo se destacan las calles de las comunas, la vida dentro de sus casas y los espacios comunes como ferias y persas. Sobre Pudahuel, ella afirma: \u201c<i>soy una fan\u00e1tica de ese lugar de Santiago, de sus ferias y del persa; me bajo de la J-10<\/i>\u00a0[recorrido de locomoci\u00f3n colectiva]\u00a0<i>y me pongo a caminar, fumar y a sacar fotos. A pesar que siempre me dec\u00edan que guardara la c\u00e1mara nunca tuve susto\u2026 estuve en poblaciones llena de pasteros y de ni\u00f1os, nunca pas\u00f3 nada. Como trabajaba en un jard\u00edn de ah\u00ed siempre me saludaban en la feria, conoc\u00ed mucha gente\u201d<\/i><\/p>\n<\/div>\n","protected":false},"excerpt":{"rendered":"<p>La comuna de Barrancas fue para Violeta Parra en los cincuentas y para V\u00edctor Jara en los sesentas, como un ba\u00fal donde se depositaron los recuerdos, la riqueza cultural y los anhelos de una parte importante del \u201cpueblo chileno\u201d. Varias d\u00e9cadas m\u00e1s tarde, reivindicando su origen popular, la gente de Pudahuel conserva ese particular atractivo<\/p>\n<p class=\"more-link\"><a href=\"https:\/\/radiobarrancas.cl\/index.php\/2020\/02\/22\/de-barrancas-a-pudahuel\/\" class=\"themebutton2\">Read More<\/a><\/p>\n","protected":false},"author":1,"featured_media":267,"comment_status":"open","ping_status":"open","sticky":false,"template":"","format":"standard","meta":{"footnotes":""},"categories":[1],"tags":[],"class_list":["post-258","post","type-post","status-publish","format-standard","has-post-thumbnail","hentry","category-uncategorized"],"jetpack_featured_media_url":"https:\/\/radiobarrancas.cl\/wp-content\/uploads\/2020\/02\/71.jpg","_links":{"self":[{"href":"https:\/\/radiobarrancas.cl\/index.php\/wp-json\/wp\/v2\/posts\/258","targetHints":{"allow":["GET"]}}],"collection":[{"href":"https:\/\/radiobarrancas.cl\/index.php\/wp-json\/wp\/v2\/posts"}],"about":[{"href":"https:\/\/radiobarrancas.cl\/index.php\/wp-json\/wp\/v2\/types\/post"}],"author":[{"embeddable":true,"href":"https:\/\/radiobarrancas.cl\/index.php\/wp-json\/wp\/v2\/users\/1"}],"replies":[{"embeddable":true,"href":"https:\/\/radiobarrancas.cl\/index.php\/wp-json\/wp\/v2\/comments?post=258"}],"version-history":[{"count":5,"href":"https:\/\/radiobarrancas.cl\/index.php\/wp-json\/wp\/v2\/posts\/258\/revisions"}],"predecessor-version":[{"id":268,"href":"https:\/\/radiobarrancas.cl\/index.php\/wp-json\/wp\/v2\/posts\/258\/revisions\/268"}],"wp:featuredmedia":[{"embeddable":true,"href":"https:\/\/radiobarrancas.cl\/index.php\/wp-json\/wp\/v2\/media\/267"}],"wp:attachment":[{"href":"https:\/\/radiobarrancas.cl\/index.php\/wp-json\/wp\/v2\/media?parent=258"}],"wp:term":[{"taxonomy":"category","embeddable":true,"href":"https:\/\/radiobarrancas.cl\/index.php\/wp-json\/wp\/v2\/categories?post=258"},{"taxonomy":"post_tag","embeddable":true,"href":"https:\/\/radiobarrancas.cl\/index.php\/wp-json\/wp\/v2\/tags?post=258"}],"curies":[{"name":"wp","href":"https:\/\/api.w.org\/{rel}","templated":true}]}}