{"id":198,"date":"2020-01-20T18:47:33","date_gmt":"2020-01-20T18:47:33","guid":{"rendered":"https:\/\/radiobarrancas.cl\/?p=198"},"modified":"2020-01-20T21:15:39","modified_gmt":"2020-01-20T21:15:39","slug":"una-vision-sobre-la-concentracion-de-los-medios","status":"publish","type":"post","link":"https:\/\/radiobarrancas.cl\/index.php\/2020\/01\/20\/una-vision-sobre-la-concentracion-de-los-medios\/","title":{"rendered":"Una Perspectiva Sobre la Concentraci\u00f3n De Los Medios"},"content":{"rendered":"<p>Cuando comienza a masificarse el uso de internet, por ah\u00ed por los comienzos de los a\u00f1os 2000, muchos de nosotros encontramos un lugar en donde los grandes grupos de dominio econ\u00f3mico, social y pol\u00edtico no pod\u00edan alcanzar con sus tent\u00e1culos la libertad que pod\u00edamos ejercer de alguna forma en \u00e9ste nuevo mundo llamado la World Wide Web. Sin embargo con el correr de los a\u00f1os, \u00e9ste ambiente del ciberespacio ya no es tan libre como hace 20 a\u00f1os. Esta serie de art\u00edculos nos describen y dan a conocer como la concentraci\u00f3n y el control ya est\u00e1n presentes en la red mundial virtual.<\/p>\n<p>Nuestro sitio amigo de Radios Libres nos aportan con esta important\u00edsima informaci\u00f3n<\/p>\n<blockquote class=\"wp-embedded-content\" data-secret=\"c2JDxPqWxP\"><p><a href=\"https:\/\/radioslibres.net\/un-espejismo-con-5-cabezas-llamado-gafam\/\">Un espejismo con 5 cabezas llamado GAFAM (I)<\/a><\/p><\/blockquote>\n<p><iframe loading=\"lazy\" title=\"&#171;Un espejismo con 5 cabezas llamado GAFAM (I)&#187; &#8212; Radios Libres\" class=\"wp-embedded-content\" sandbox=\"allow-scripts\" security=\"restricted\" style=\"position: absolute; clip: rect(1px, 1px, 1px, 1px);\" src=\"https:\/\/radioslibres.net\/un-espejismo-con-5-cabezas-llamado-gafam\/embed\/#?secret=c2JDxPqWxP\" data-secret=\"c2JDxPqWxP\" width=\"600\" height=\"338\" frameborder=\"0\" marginwidth=\"0\" marginheight=\"0\" scrolling=\"no\"><\/iframe><\/p>\n<p>&nbsp;<\/p>\n","protected":false},"excerpt":{"rendered":"<p>Cuando comienza a masificarse el uso de internet, por ah\u00ed por los comienzos de los a\u00f1os 2000, muchos de nosotros encontramos un lugar en donde los grandes grupos de dominio econ\u00f3mico, social y pol\u00edtico no pod\u00edan alcanzar con sus tent\u00e1culos la libertad que pod\u00edamos ejercer de alguna forma en \u00e9ste nuevo mundo llamado la World<\/p>\n<p class=\"more-link\"><a href=\"https:\/\/radiobarrancas.cl\/index.php\/2020\/01\/20\/una-vision-sobre-la-concentracion-de-los-medios\/\" class=\"themebutton2\">Read More<\/a><\/p>\n","protected":false},"author":1,"featured_media":199,"comment_status":"open","ping_status":"open","sticky":false,"template":"","format":"standard","meta":{"footnotes":""},"categories":[3],"tags":[],"class_list":["post-198","post","type-post","status-publish","format-standard","has-post-thumbnail","hentry","category-noticias"],"jetpack_featured_media_url":"https:\/\/radiobarrancas.cl\/wp-content\/uploads\/2020\/01\/02-red-global-internet.jpg","_links":{"self":[{"href":"https:\/\/radiobarrancas.cl\/index.php\/wp-json\/wp\/v2\/posts\/198","targetHints":{"allow":["GET"]}}],"collection":[{"href":"https:\/\/radiobarrancas.cl\/index.php\/wp-json\/wp\/v2\/posts"}],"about":[{"href":"https:\/\/radiobarrancas.cl\/index.php\/wp-json\/wp\/v2\/types\/post"}],"author":[{"embeddable":true,"href":"https:\/\/radiobarrancas.cl\/index.php\/wp-json\/wp\/v2\/users\/1"}],"replies":[{"embeddable":true,"href":"https:\/\/radiobarrancas.cl\/index.php\/wp-json\/wp\/v2\/comments?post=198"}],"version-history":[{"count":3,"href":"https:\/\/radiobarrancas.cl\/index.php\/wp-json\/wp\/v2\/posts\/198\/revisions"}],"predecessor-version":[{"id":202,"href":"https:\/\/radiobarrancas.cl\/index.php\/wp-json\/wp\/v2\/posts\/198\/revisions\/202"}],"wp:featuredmedia":[{"embeddable":true,"href":"https:\/\/radiobarrancas.cl\/index.php\/wp-json\/wp\/v2\/media\/199"}],"wp:attachment":[{"href":"https:\/\/radiobarrancas.cl\/index.php\/wp-json\/wp\/v2\/media?parent=198"}],"wp:term":[{"taxonomy":"category","embeddable":true,"href":"https:\/\/radiobarrancas.cl\/index.php\/wp-json\/wp\/v2\/categories?post=198"},{"taxonomy":"post_tag","embeddable":true,"href":"https:\/\/radiobarrancas.cl\/index.php\/wp-json\/wp\/v2\/tags?post=198"}],"curies":[{"name":"wp","href":"https:\/\/api.w.org\/{rel}","templated":true}]}}